{"id":1232,"date":"2018-04-10T11:43:57","date_gmt":"2018-04-10T09:43:57","guid":{"rendered":"https:\/\/domaine-espeyran.fr\/english\/?p=1232"},"modified":"2019-04-29T16:52:05","modified_gmt":"2019-04-29T14:52:05","slug":"2017-rose-awarded","status":"publish","type":"post","link":"https:\/\/www.domaine-espeyran.fr\/english\/blog\/2018\/04\/10\/2017-rose-awarded\/","title":{"rendered":"2017 ros\u00e9 awarded"},"content":{"rendered":"<p>[vc_row css_animation=\u00a0\u00bb\u00a0\u00bb row_type=\u00a0\u00bbrow\u00a0\u00bb use_row_as_full_screen_section=\u00a0\u00bbno\u00a0\u00bb type=\u00a0\u00bbfull_width\u00a0\u00bb angled_section=\u00a0\u00bbno\u00a0\u00bb text_align=\u00a0\u00bbleft\u00a0\u00bb background_image_as_pattern=\u00a0\u00bbwithout_pattern\u00a0\u00bb][vc_column width=\u00a0\u00bb1\/2&Prime;][vc_single_image image=\u00a0\u00bb1233&Prime; img_size=\u00a0\u00bbfull\u00a0\u00bb qode_css_animation=\u00a0\u00bb\u00a0\u00bb][\/vc_column][vc_column width=\u00a0\u00bb1\/2&Prime;][vc_column_text]Our new brand \u00ab\u00a0L\u2019envol\u00a0\u00bb ros\u00e9 has been awarded by a silver medal from the jury of the independent winemakers 2018 competition .<\/p>\n<p>The jury recognized a fruity ros\u00e9 and well acidulated with a crisp fresh taste. A nice one to drink during summer time ![\/vc_column_text][\/vc_column][\/vc_row]<\/p>\n","protected":false},"excerpt":{"rendered":"<p>The new range of wines from the Domaine d&rsquo;Espeyran \u00ab\u00a0L&rsquo;envol 2017\u00a0\u00bb awarded at the competition of independent winegrowers category wines of the Rhone Valley &#8211; AOP Costi\u00e8res de N\u00eemes<\/p>\n","protected":false},"author":1,"featured_media":1233,"comment_status":"open","ping_status":"open","sticky":false,"template":"","format":"standard","meta":[],"categories":[10],"tags":[],"yoast_head":"<!-- This site is optimized with the Yoast SEO plugin v17.8 - https:\/\/yoast.com\/wordpress\/plugins\/seo\/ -->\n<title>2017 ros\u00e9 awarded - Domaine d&#039;Espeyran<\/title>\n<meta name=\"description\" content=\"La nouvelle gamme des vins du Domaine d&#039;Espeyran &quot;L&#039;envol 2017&quot; r\u00e9compens\u00e9e au concours des vignerons ind\u00e9pendants cat\u00e9gorie vins de la vall\u00e9e du Rh\u00f4ne - AOP Costi\u00e8res de N\u00eemes\" \/>\n<meta name=\"robots\" content=\"index, follow, max-snippet:-1, max-image-preview:large, max-video-preview:-1\" \/>\n<link rel=\"canonical\" href=\"https:\/\/www.domaine-espeyran.fr\/english\/blog\/2018\/04\/10\/2017-rose-awarded\/\" \/>\n<meta property=\"og:locale\" content=\"fr_FR\" \/>\n<meta property=\"og:type\" content=\"article\" \/>\n<meta property=\"og:title\" content=\"2017 ros\u00e9 awarded - Domaine d&#039;Espeyran\" \/>\n<meta property=\"og:description\" content=\"La nouvelle gamme des vins du Domaine d&#039;Espeyran &quot;L&#039;envol 2017&quot; r\u00e9compens\u00e9e au concours des vignerons ind\u00e9pendants cat\u00e9gorie vins de la vall\u00e9e du Rh\u00f4ne - AOP Costi\u00e8res de N\u00eemes\" \/>\n<meta property=\"og:url\" content=\"https:\/\/www.domaine-espeyran.fr\/english\/blog\/2018\/04\/10\/2017-rose-awarded\/\" \/>\n<meta property=\"og:site_name\" content=\"Domaine d&#039;Espeyran\" \/>\n<meta property=\"article:author\" content=\"https:\/\/www.facebook.com\/people\/Domaine-dEspeyran\/100063790232044\/\" \/>\n<meta property=\"article:published_time\" content=\"2018-04-10T09:43:57+00:00\" \/>\n<meta property=\"article:modified_time\" content=\"2019-04-29T14:52:05+00:00\" \/>\n<meta property=\"og:image\" content=\"https:\/\/www.domaine-espeyran.fr\/english\/wp-content\/uploads\/sites\/2\/2019\/03\/vin-rose-2017-medaille-concours-vigneron-independant.jpg\" \/>\n\t<meta property=\"og:image:width\" content=\"800\" \/>\n\t<meta property=\"og:image:height\" content=\"600\" \/>\n<meta name=\"twitter:card\" content=\"summary_large_image\" \/>\n<meta name=\"twitter:label1\" content=\"\u00c9crit par\" \/>\n\t<meta name=\"twitter:data1\" content=\"Espeyran\" \/>\n\t<meta name=\"twitter:label2\" content=\"Dur\u00e9e de lecture estim\u00e9e\" \/>\n\t<meta name=\"twitter:data2\" content=\"1 minute\" \/>\n<script type=\"application\/ld+json\" class=\"yoast-schema-graph\">{\"@context\":\"https:\/\/schema.org\",\"@graph\":[{\"@type\":\"WebSite\",\"@id\":\"https:\/\/www.domaine-espeyran.fr\/english\/#website\",\"url\":\"https:\/\/www.domaine-espeyran.fr\/english\/\",\"name\":\"Domaine d'Espeyran\",\"description\":\"\",\"potentialAction\":[{\"@type\":\"SearchAction\",\"target\":{\"@type\":\"EntryPoint\",\"urlTemplate\":\"https:\/\/www.domaine-espeyran.fr\/english\/?s={search_term_string}\"},\"query-input\":\"required name=search_term_string\"}],\"inLanguage\":\"fr-FR\"},{\"@type\":\"ImageObject\",\"@id\":\"https:\/\/www.domaine-espeyran.fr\/english\/blog\/2018\/04\/10\/2017-rose-awarded\/#primaryimage\",\"inLanguage\":\"fr-FR\",\"url\":\"https:\/\/www.domaine-espeyran.fr\/english\/wp-content\/uploads\/sites\/2\/2019\/03\/vin-rose-2017-medaille-concours-vigneron-independant.jpg\",\"contentUrl\":\"https:\/\/www.domaine-espeyran.fr\/english\/wp-content\/uploads\/sites\/2\/2019\/03\/vin-rose-2017-medaille-concours-vigneron-independant.jpg\",\"width\":800,\"height\":600,\"caption\":\"Domaine d'Espeyran L'envol 2017 prim\\u00e9 au concours des vignerons ind\\u00e9pendants\"},{\"@type\":\"WebPage\",\"@id\":\"https:\/\/www.domaine-espeyran.fr\/english\/blog\/2018\/04\/10\/2017-rose-awarded\/#webpage\",\"url\":\"https:\/\/www.domaine-espeyran.fr\/english\/blog\/2018\/04\/10\/2017-rose-awarded\/\",\"name\":\"2017 ros\\u00e9 awarded - Domaine d'Espeyran\",\"isPartOf\":{\"@id\":\"https:\/\/www.domaine-espeyran.fr\/english\/#website\"},\"primaryImageOfPage\":{\"@id\":\"https:\/\/www.domaine-espeyran.fr\/english\/blog\/2018\/04\/10\/2017-rose-awarded\/#primaryimage\"},\"datePublished\":\"2018-04-10T09:43:57+00:00\",\"dateModified\":\"2019-04-29T14:52:05+00:00\",\"author\":{\"@id\":\"https:\/\/www.domaine-espeyran.fr\/english\/#\/schema\/person\/1bc83a45205aef51de3475c4bf3bea98\"},\"description\":\"La nouvelle gamme des vins du Domaine d'Espeyran \\\"L'envol 2017\\\" r\\u00e9compens\\u00e9e au concours des vignerons ind\\u00e9pendants cat\\u00e9gorie vins de la vall\\u00e9e du Rh\\u00f4ne - AOP Costi\\u00e8res de N\\u00eemes\",\"breadcrumb\":{\"@id\":\"https:\/\/www.domaine-espeyran.fr\/english\/blog\/2018\/04\/10\/2017-rose-awarded\/#breadcrumb\"},\"inLanguage\":\"fr-FR\",\"potentialAction\":[{\"@type\":\"ReadAction\",\"target\":[\"https:\/\/www.domaine-espeyran.fr\/english\/blog\/2018\/04\/10\/2017-rose-awarded\/\"]}]},{\"@type\":\"BreadcrumbList\",\"@id\":\"https:\/\/www.domaine-espeyran.fr\/english\/blog\/2018\/04\/10\/2017-rose-awarded\/#breadcrumb\",\"itemListElement\":[{\"@type\":\"ListItem\",\"position\":1,\"name\":\"Accueil\",\"item\":\"https:\/\/www.domaine-espeyran.fr\/english\/\"},{\"@type\":\"ListItem\",\"position\":2,\"name\":\"2017 ros\\u00e9 awarded\"}]},{\"@type\":\"Person\",\"@id\":\"https:\/\/www.domaine-espeyran.fr\/english\/#\/schema\/person\/1bc83a45205aef51de3475c4bf3bea98\",\"name\":\"Espeyran\",\"image\":{\"@type\":\"ImageObject\",\"@id\":\"https:\/\/www.domaine-espeyran.fr\/english\/#personlogo\",\"inLanguage\":\"fr-FR\",\"url\":\"https:\/\/secure.gravatar.com\/avatar\/9c4a6379e478416631a3dc7aa49ecf06?s=96&d=mm&r=g\",\"contentUrl\":\"https:\/\/secure.gravatar.com\/avatar\/9c4a6379e478416631a3dc7aa49ecf06?s=96&d=mm&r=g\",\"caption\":\"Espeyran\"},\"sameAs\":[\"https:\/\/www.domaine-espeyran.fr\/\",\"https:\/\/www.facebook.com\/people\/Domaine-dEspeyran\/100063790232044\/\"],\"url\":\"https:\/\/www.domaine-espeyran.fr\/english\/blog\/author\/espeyran\/\"}]}<\/script>\n<!-- \/ Yoast SEO plugin. -->","yoast_head_json":{"title":"2017 ros\u00e9 awarded - Domaine d'Espeyran","description":"La nouvelle gamme des vins du Domaine d'Espeyran \"L'envol 2017\" r\u00e9compens\u00e9e au concours des vignerons ind\u00e9pendants cat\u00e9gorie vins de la vall\u00e9e du Rh\u00f4ne - AOP Costi\u00e8res de N\u00eemes","robots":{"index":"index","follow":"follow","max-snippet":"max-snippet:-1","max-image-preview":"max-image-preview:large","max-video-preview":"max-video-preview:-1"},"canonical":"https:\/\/www.domaine-espeyran.fr\/english\/blog\/2018\/04\/10\/2017-rose-awarded\/","og_locale":"fr_FR","og_type":"article","og_title":"2017 ros\u00e9 awarded - Domaine d'Espeyran","og_description":"La nouvelle gamme des vins du Domaine d'Espeyran \"L'envol 2017\" r\u00e9compens\u00e9e au concours des vignerons ind\u00e9pendants cat\u00e9gorie vins de la vall\u00e9e du Rh\u00f4ne - AOP Costi\u00e8res de N\u00eemes","og_url":"https:\/\/www.domaine-espeyran.fr\/english\/blog\/2018\/04\/10\/2017-rose-awarded\/","og_site_name":"Domaine d'Espeyran","article_author":"https:\/\/www.facebook.com\/people\/Domaine-dEspeyran\/100063790232044\/","article_published_time":"2018-04-10T09:43:57+00:00","article_modified_time":"2019-04-29T14:52:05+00:00","og_image":[{"width":800,"height":600,"url":"https:\/\/www.domaine-espeyran.fr\/english\/wp-content\/uploads\/sites\/2\/2019\/03\/vin-rose-2017-medaille-concours-vigneron-independant.jpg","type":"image\/jpeg"}],"twitter_card":"summary_large_image","twitter_misc":{"\u00c9crit par":"Espeyran","Dur\u00e9e de lecture estim\u00e9e":"1 minute"},"schema":{"@context":"https:\/\/schema.org","@graph":[{"@type":"WebSite","@id":"https:\/\/www.domaine-espeyran.fr\/english\/#website","url":"https:\/\/www.domaine-espeyran.fr\/english\/","name":"Domaine d'Espeyran","description":"","potentialAction":[{"@type":"SearchAction","target":{"@type":"EntryPoint","urlTemplate":"https:\/\/www.domaine-espeyran.fr\/english\/?s={search_term_string}"},"query-input":"required name=search_term_string"}],"inLanguage":"fr-FR"},{"@type":"ImageObject","@id":"https:\/\/www.domaine-espeyran.fr\/english\/blog\/2018\/04\/10\/2017-rose-awarded\/#primaryimage","inLanguage":"fr-FR","url":"https:\/\/www.domaine-espeyran.fr\/english\/wp-content\/uploads\/sites\/2\/2019\/03\/vin-rose-2017-medaille-concours-vigneron-independant.jpg","contentUrl":"https:\/\/www.domaine-espeyran.fr\/english\/wp-content\/uploads\/sites\/2\/2019\/03\/vin-rose-2017-medaille-concours-vigneron-independant.jpg","width":800,"height":600,"caption":"Domaine d'Espeyran L'envol 2017 prim\u00e9 au concours des vignerons ind\u00e9pendants"},{"@type":"WebPage","@id":"https:\/\/www.domaine-espeyran.fr\/english\/blog\/2018\/04\/10\/2017-rose-awarded\/#webpage","url":"https:\/\/www.domaine-espeyran.fr\/english\/blog\/2018\/04\/10\/2017-rose-awarded\/","name":"2017 ros\u00e9 awarded - Domaine d'Espeyran","isPartOf":{"@id":"https:\/\/www.domaine-espeyran.fr\/english\/#website"},"primaryImageOfPage":{"@id":"https:\/\/www.domaine-espeyran.fr\/english\/blog\/2018\/04\/10\/2017-rose-awarded\/#primaryimage"},"datePublished":"2018-04-10T09:43:57+00:00","dateModified":"2019-04-29T14:52:05+00:00","author":{"@id":"https:\/\/www.domaine-espeyran.fr\/english\/#\/schema\/person\/1bc83a45205aef51de3475c4bf3bea98"},"description":"La nouvelle gamme des vins du Domaine d'Espeyran \"L'envol 2017\" r\u00e9compens\u00e9e au concours des vignerons ind\u00e9pendants cat\u00e9gorie vins de la vall\u00e9e du Rh\u00f4ne - AOP Costi\u00e8res de N\u00eemes","breadcrumb":{"@id":"https:\/\/www.domaine-espeyran.fr\/english\/blog\/2018\/04\/10\/2017-rose-awarded\/#breadcrumb"},"inLanguage":"fr-FR","potentialAction":[{"@type":"ReadAction","target":["https:\/\/www.domaine-espeyran.fr\/english\/blog\/2018\/04\/10\/2017-rose-awarded\/"]}]},{"@type":"BreadcrumbList","@id":"https:\/\/www.domaine-espeyran.fr\/english\/blog\/2018\/04\/10\/2017-rose-awarded\/#breadcrumb","itemListElement":[{"@type":"ListItem","position":1,"name":"Accueil","item":"https:\/\/www.domaine-espeyran.fr\/english\/"},{"@type":"ListItem","position":2,"name":"2017 ros\u00e9 awarded"}]},{"@type":"Person","@id":"https:\/\/www.domaine-espeyran.fr\/english\/#\/schema\/person\/1bc83a45205aef51de3475c4bf3bea98","name":"Espeyran","image":{"@type":"ImageObject","@id":"https:\/\/www.domaine-espeyran.fr\/english\/#personlogo","inLanguage":"fr-FR","url":"https:\/\/secure.gravatar.com\/avatar\/9c4a6379e478416631a3dc7aa49ecf06?s=96&d=mm&r=g","contentUrl":"https:\/\/secure.gravatar.com\/avatar\/9c4a6379e478416631a3dc7aa49ecf06?s=96&d=mm&r=g","caption":"Espeyran"},"sameAs":["https:\/\/www.domaine-espeyran.fr\/","https:\/\/www.facebook.com\/people\/Domaine-dEspeyran\/100063790232044\/"],"url":"https:\/\/www.domaine-espeyran.fr\/english\/blog\/author\/espeyran\/"}]}},"_links":{"self":[{"href":"https:\/\/www.domaine-espeyran.fr\/english\/wp-json\/wp\/v2\/posts\/1232"}],"collection":[{"href":"https:\/\/www.domaine-espeyran.fr\/english\/wp-json\/wp\/v2\/posts"}],"about":[{"href":"https:\/\/www.domaine-espeyran.fr\/english\/wp-json\/wp\/v2\/types\/post"}],"author":[{"embeddable":true,"href":"https:\/\/www.domaine-espeyran.fr\/english\/wp-json\/wp\/v2\/users\/1"}],"replies":[{"embeddable":true,"href":"https:\/\/www.domaine-espeyran.fr\/english\/wp-json\/wp\/v2\/comments?post=1232"}],"version-history":[{"count":3,"href":"https:\/\/www.domaine-espeyran.fr\/english\/wp-json\/wp\/v2\/posts\/1232\/revisions"}],"predecessor-version":[{"id":1266,"href":"https:\/\/www.domaine-espeyran.fr\/english\/wp-json\/wp\/v2\/posts\/1232\/revisions\/1266"}],"wp:featuredmedia":[{"embeddable":true,"href":"https:\/\/www.domaine-espeyran.fr\/english\/wp-json\/wp\/v2\/media\/1233"}],"wp:attachment":[{"href":"https:\/\/www.domaine-espeyran.fr\/english\/wp-json\/wp\/v2\/media?parent=1232"}],"wp:term":[{"taxonomy":"category","embeddable":true,"href":"https:\/\/www.domaine-espeyran.fr\/english\/wp-json\/wp\/v2\/categories?post=1232"},{"taxonomy":"post_tag","embeddable":true,"href":"https:\/\/www.domaine-espeyran.fr\/english\/wp-json\/wp\/v2\/tags?post=1232"}],"curies":[{"name":"wp","href":"https:\/\/api.w.org\/{rel}","templated":true}]}}