{"id":1223,"date":"2019-03-15T11:39:48","date_gmt":"2019-03-15T10:39:48","guid":{"rendered":"https:\/\/domaine-espeyran.fr\/english\/?p=1223"},"modified":"2019-04-29T16:53:52","modified_gmt":"2019-04-29T14:53:52","slug":"2018-red-awarded","status":"publish","type":"post","link":"https:\/\/www.domaine-espeyran.fr\/english\/blog\/2019\/03\/15\/2018-red-awarded\/","title":{"rendered":"2018 red awarded"},"content":{"rendered":"<p>[vc_row css_animation=\u00a0\u00bb\u00a0\u00bb row_type=\u00a0\u00bbrow\u00a0\u00bb use_row_as_full_screen_section=\u00a0\u00bbno\u00a0\u00bb type=\u00a0\u00bbgrid\u00a0\u00bb angled_section=\u00a0\u00bbno\u00a0\u00bb text_align=\u00a0\u00bbleft\u00a0\u00bb background_image_as_pattern=\u00a0\u00bbwithout_pattern\u00a0\u00bb z_index=\u00a0\u00bb\u00a0\u00bb css=\u00a0\u00bb.vc_custom_1552645915012{padding-top: 40px !important;background-color: #ffffff !important;}\u00a0\u00bb][vc_column][vc_column_text]<\/p>\n<h1>2018 red awarded<\/h1>\n<p>[\/vc_column_text][vc_separator type=\u00a0\u00bbsmall\u00a0\u00bb position=\u00a0\u00bbleft\u00a0\u00bb color=\u00a0\u00bb#010101&Prime; thickness=\u00a0\u00bb1&Prime; width=\u00a0\u00bb66&Prime; el_class=\u00a0\u00bbseph1&Prime;][\/vc_column][\/vc_row][vc_row css_animation=\u00a0\u00bb\u00a0\u00bb row_type=\u00a0\u00bbrow\u00a0\u00bb use_row_as_full_screen_section=\u00a0\u00bbno\u00a0\u00bb type=\u00a0\u00bbfull_width\u00a0\u00bb angled_section=\u00a0\u00bbno\u00a0\u00bb text_align=\u00a0\u00bbleft\u00a0\u00bb background_image_as_pattern=\u00a0\u00bbwithout_pattern\u00a0\u00bb][vc_column width=\u00a0\u00bb1\/2&Prime;][vc_single_image image=\u00a0\u00bb1227&Prime; img_size=\u00a0\u00bbfull\u00a0\u00bb qode_css_animation=\u00a0\u00bb\u00a0\u00bb][\/vc_column][vc_column width=\u00a0\u00bb1\/2&Prime;][vc_column_text]Our <a href=\"https:\/\/www.domaine-espeyran.fr\/english\/our-wines\/\">wines<\/a> qualities have been awarded by the jury of the 2019 Paris agricultural competition.<\/p>\n<p>The jury liked this red wine with deep purple hues and red fruit aromas.[\/vc_column_text][\/vc_column][\/vc_row]<\/p>\n","protected":false},"excerpt":{"rendered":"<p>The quality of our wines recognized in the general agricultural competition of Paris 2019: our red wine medalist<\/p>\n","protected":false},"author":1,"featured_media":1227,"comment_status":"open","ping_status":"open","sticky":false,"template":"","format":"standard","meta":[],"categories":[10],"tags":[],"yoast_head":"<!-- This site is optimized with the Yoast SEO plugin v17.8 - https:\/\/yoast.com\/wordpress\/plugins\/seo\/ -->\n<title>2018 red awarded - Domaine d&#039;Espeyran<\/title>\n<meta name=\"description\" content=\"La qualit\u00e9 de nos vins reconnue au concours g\u00e9n\u00e9ral agricole de Paris 2019 : notre vin rouge m\u00e9daill\u00e9\" \/>\n<meta name=\"robots\" content=\"index, follow, max-snippet:-1, max-image-preview:large, max-video-preview:-1\" \/>\n<link rel=\"canonical\" href=\"https:\/\/www.domaine-espeyran.fr\/english\/blog\/2019\/03\/15\/2018-red-awarded\/\" \/>\n<meta property=\"og:locale\" content=\"fr_FR\" \/>\n<meta property=\"og:type\" content=\"article\" \/>\n<meta property=\"og:title\" content=\"2018 red awarded - Domaine d&#039;Espeyran\" \/>\n<meta property=\"og:description\" content=\"La qualit\u00e9 de nos vins reconnue au concours g\u00e9n\u00e9ral agricole de Paris 2019 : notre vin rouge m\u00e9daill\u00e9\" \/>\n<meta property=\"og:url\" content=\"https:\/\/www.domaine-espeyran.fr\/english\/blog\/2019\/03\/15\/2018-red-awarded\/\" \/>\n<meta property=\"og:site_name\" content=\"Domaine d&#039;Espeyran\" \/>\n<meta property=\"article:author\" content=\"https:\/\/www.facebook.com\/people\/Domaine-dEspeyran\/100063790232044\/\" \/>\n<meta property=\"article:published_time\" content=\"2019-03-15T10:39:48+00:00\" \/>\n<meta property=\"article:modified_time\" content=\"2019-04-29T14:53:52+00:00\" \/>\n<meta property=\"og:image\" content=\"https:\/\/www.domaine-espeyran.fr\/english\/wp-content\/uploads\/sites\/2\/2019\/03\/medaille-vin-rouge-2018-cga.jpg\" \/>\n\t<meta property=\"og:image:width\" content=\"773\" \/>\n\t<meta property=\"og:image:height\" content=\"773\" \/>\n<meta name=\"twitter:card\" content=\"summary_large_image\" \/>\n<meta name=\"twitter:label1\" content=\"\u00c9crit par\" \/>\n\t<meta name=\"twitter:data1\" content=\"Espeyran\" \/>\n\t<meta name=\"twitter:label2\" content=\"Dur\u00e9e de lecture estim\u00e9e\" \/>\n\t<meta name=\"twitter:data2\" content=\"1 minute\" \/>\n<script type=\"application\/ld+json\" class=\"yoast-schema-graph\">{\"@context\":\"https:\/\/schema.org\",\"@graph\":[{\"@type\":\"WebSite\",\"@id\":\"https:\/\/www.domaine-espeyran.fr\/english\/#website\",\"url\":\"https:\/\/www.domaine-espeyran.fr\/english\/\",\"name\":\"Domaine d'Espeyran\",\"description\":\"\",\"potentialAction\":[{\"@type\":\"SearchAction\",\"target\":{\"@type\":\"EntryPoint\",\"urlTemplate\":\"https:\/\/www.domaine-espeyran.fr\/english\/?s={search_term_string}\"},\"query-input\":\"required name=search_term_string\"}],\"inLanguage\":\"fr-FR\"},{\"@type\":\"ImageObject\",\"@id\":\"https:\/\/www.domaine-espeyran.fr\/english\/blog\/2019\/03\/15\/2018-red-awarded\/#primaryimage\",\"inLanguage\":\"fr-FR\",\"url\":\"https:\/\/www.domaine-espeyran.fr\/english\/wp-content\/uploads\/sites\/2\/2019\/03\/medaille-vin-rouge-2018-cga.jpg\",\"contentUrl\":\"https:\/\/www.domaine-espeyran.fr\/english\/wp-content\/uploads\/sites\/2\/2019\/03\/medaille-vin-rouge-2018-cga.jpg\",\"width\":773,\"height\":773,\"caption\":\"Les vins du Domaine d'Espeyran m\\u00e9daill\\u00e9s au concours g\\u00e9n\\u00e9ral agricole de Paris 2019\"},{\"@type\":\"WebPage\",\"@id\":\"https:\/\/www.domaine-espeyran.fr\/english\/blog\/2019\/03\/15\/2018-red-awarded\/#webpage\",\"url\":\"https:\/\/www.domaine-espeyran.fr\/english\/blog\/2019\/03\/15\/2018-red-awarded\/\",\"name\":\"2018 red awarded - Domaine d'Espeyran\",\"isPartOf\":{\"@id\":\"https:\/\/www.domaine-espeyran.fr\/english\/#website\"},\"primaryImageOfPage\":{\"@id\":\"https:\/\/www.domaine-espeyran.fr\/english\/blog\/2019\/03\/15\/2018-red-awarded\/#primaryimage\"},\"datePublished\":\"2019-03-15T10:39:48+00:00\",\"dateModified\":\"2019-04-29T14:53:52+00:00\",\"author\":{\"@id\":\"https:\/\/www.domaine-espeyran.fr\/english\/#\/schema\/person\/1bc83a45205aef51de3475c4bf3bea98\"},\"description\":\"La qualit\\u00e9 de nos vins reconnue au concours g\\u00e9n\\u00e9ral agricole de Paris 2019 : notre vin rouge m\\u00e9daill\\u00e9\",\"breadcrumb\":{\"@id\":\"https:\/\/www.domaine-espeyran.fr\/english\/blog\/2019\/03\/15\/2018-red-awarded\/#breadcrumb\"},\"inLanguage\":\"fr-FR\",\"potentialAction\":[{\"@type\":\"ReadAction\",\"target\":[\"https:\/\/www.domaine-espeyran.fr\/english\/blog\/2019\/03\/15\/2018-red-awarded\/\"]}]},{\"@type\":\"BreadcrumbList\",\"@id\":\"https:\/\/www.domaine-espeyran.fr\/english\/blog\/2019\/03\/15\/2018-red-awarded\/#breadcrumb\",\"itemListElement\":[{\"@type\":\"ListItem\",\"position\":1,\"name\":\"Accueil\",\"item\":\"https:\/\/www.domaine-espeyran.fr\/english\/\"},{\"@type\":\"ListItem\",\"position\":2,\"name\":\"2018 red awarded\"}]},{\"@type\":\"Person\",\"@id\":\"https:\/\/www.domaine-espeyran.fr\/english\/#\/schema\/person\/1bc83a45205aef51de3475c4bf3bea98\",\"name\":\"Espeyran\",\"image\":{\"@type\":\"ImageObject\",\"@id\":\"https:\/\/www.domaine-espeyran.fr\/english\/#personlogo\",\"inLanguage\":\"fr-FR\",\"url\":\"https:\/\/secure.gravatar.com\/avatar\/9c4a6379e478416631a3dc7aa49ecf06?s=96&d=mm&r=g\",\"contentUrl\":\"https:\/\/secure.gravatar.com\/avatar\/9c4a6379e478416631a3dc7aa49ecf06?s=96&d=mm&r=g\",\"caption\":\"Espeyran\"},\"sameAs\":[\"https:\/\/www.domaine-espeyran.fr\/\",\"https:\/\/www.facebook.com\/people\/Domaine-dEspeyran\/100063790232044\/\"],\"url\":\"https:\/\/www.domaine-espeyran.fr\/english\/blog\/author\/espeyran\/\"}]}<\/script>\n<!-- \/ Yoast SEO plugin. -->","yoast_head_json":{"title":"2018 red awarded - Domaine d'Espeyran","description":"La qualit\u00e9 de nos vins reconnue au concours g\u00e9n\u00e9ral agricole de Paris 2019 : notre vin rouge m\u00e9daill\u00e9","robots":{"index":"index","follow":"follow","max-snippet":"max-snippet:-1","max-image-preview":"max-image-preview:large","max-video-preview":"max-video-preview:-1"},"canonical":"https:\/\/www.domaine-espeyran.fr\/english\/blog\/2019\/03\/15\/2018-red-awarded\/","og_locale":"fr_FR","og_type":"article","og_title":"2018 red awarded - Domaine d'Espeyran","og_description":"La qualit\u00e9 de nos vins reconnue au concours g\u00e9n\u00e9ral agricole de Paris 2019 : notre vin rouge m\u00e9daill\u00e9","og_url":"https:\/\/www.domaine-espeyran.fr\/english\/blog\/2019\/03\/15\/2018-red-awarded\/","og_site_name":"Domaine d'Espeyran","article_author":"https:\/\/www.facebook.com\/people\/Domaine-dEspeyran\/100063790232044\/","article_published_time":"2019-03-15T10:39:48+00:00","article_modified_time":"2019-04-29T14:53:52+00:00","og_image":[{"width":773,"height":773,"url":"https:\/\/www.domaine-espeyran.fr\/english\/wp-content\/uploads\/sites\/2\/2019\/03\/medaille-vin-rouge-2018-cga.jpg","type":"image\/jpeg"}],"twitter_card":"summary_large_image","twitter_misc":{"\u00c9crit par":"Espeyran","Dur\u00e9e de lecture estim\u00e9e":"1 minute"},"schema":{"@context":"https:\/\/schema.org","@graph":[{"@type":"WebSite","@id":"https:\/\/www.domaine-espeyran.fr\/english\/#website","url":"https:\/\/www.domaine-espeyran.fr\/english\/","name":"Domaine d'Espeyran","description":"","potentialAction":[{"@type":"SearchAction","target":{"@type":"EntryPoint","urlTemplate":"https:\/\/www.domaine-espeyran.fr\/english\/?s={search_term_string}"},"query-input":"required name=search_term_string"}],"inLanguage":"fr-FR"},{"@type":"ImageObject","@id":"https:\/\/www.domaine-espeyran.fr\/english\/blog\/2019\/03\/15\/2018-red-awarded\/#primaryimage","inLanguage":"fr-FR","url":"https:\/\/www.domaine-espeyran.fr\/english\/wp-content\/uploads\/sites\/2\/2019\/03\/medaille-vin-rouge-2018-cga.jpg","contentUrl":"https:\/\/www.domaine-espeyran.fr\/english\/wp-content\/uploads\/sites\/2\/2019\/03\/medaille-vin-rouge-2018-cga.jpg","width":773,"height":773,"caption":"Les vins du Domaine d'Espeyran m\u00e9daill\u00e9s au concours g\u00e9n\u00e9ral agricole de Paris 2019"},{"@type":"WebPage","@id":"https:\/\/www.domaine-espeyran.fr\/english\/blog\/2019\/03\/15\/2018-red-awarded\/#webpage","url":"https:\/\/www.domaine-espeyran.fr\/english\/blog\/2019\/03\/15\/2018-red-awarded\/","name":"2018 red awarded - Domaine d'Espeyran","isPartOf":{"@id":"https:\/\/www.domaine-espeyran.fr\/english\/#website"},"primaryImageOfPage":{"@id":"https:\/\/www.domaine-espeyran.fr\/english\/blog\/2019\/03\/15\/2018-red-awarded\/#primaryimage"},"datePublished":"2019-03-15T10:39:48+00:00","dateModified":"2019-04-29T14:53:52+00:00","author":{"@id":"https:\/\/www.domaine-espeyran.fr\/english\/#\/schema\/person\/1bc83a45205aef51de3475c4bf3bea98"},"description":"La qualit\u00e9 de nos vins reconnue au concours g\u00e9n\u00e9ral agricole de Paris 2019 : notre vin rouge m\u00e9daill\u00e9","breadcrumb":{"@id":"https:\/\/www.domaine-espeyran.fr\/english\/blog\/2019\/03\/15\/2018-red-awarded\/#breadcrumb"},"inLanguage":"fr-FR","potentialAction":[{"@type":"ReadAction","target":["https:\/\/www.domaine-espeyran.fr\/english\/blog\/2019\/03\/15\/2018-red-awarded\/"]}]},{"@type":"BreadcrumbList","@id":"https:\/\/www.domaine-espeyran.fr\/english\/blog\/2019\/03\/15\/2018-red-awarded\/#breadcrumb","itemListElement":[{"@type":"ListItem","position":1,"name":"Accueil","item":"https:\/\/www.domaine-espeyran.fr\/english\/"},{"@type":"ListItem","position":2,"name":"2018 red awarded"}]},{"@type":"Person","@id":"https:\/\/www.domaine-espeyran.fr\/english\/#\/schema\/person\/1bc83a45205aef51de3475c4bf3bea98","name":"Espeyran","image":{"@type":"ImageObject","@id":"https:\/\/www.domaine-espeyran.fr\/english\/#personlogo","inLanguage":"fr-FR","url":"https:\/\/secure.gravatar.com\/avatar\/9c4a6379e478416631a3dc7aa49ecf06?s=96&d=mm&r=g","contentUrl":"https:\/\/secure.gravatar.com\/avatar\/9c4a6379e478416631a3dc7aa49ecf06?s=96&d=mm&r=g","caption":"Espeyran"},"sameAs":["https:\/\/www.domaine-espeyran.fr\/","https:\/\/www.facebook.com\/people\/Domaine-dEspeyran\/100063790232044\/"],"url":"https:\/\/www.domaine-espeyran.fr\/english\/blog\/author\/espeyran\/"}]}},"_links":{"self":[{"href":"https:\/\/www.domaine-espeyran.fr\/english\/wp-json\/wp\/v2\/posts\/1223"}],"collection":[{"href":"https:\/\/www.domaine-espeyran.fr\/english\/wp-json\/wp\/v2\/posts"}],"about":[{"href":"https:\/\/www.domaine-espeyran.fr\/english\/wp-json\/wp\/v2\/types\/post"}],"author":[{"embeddable":true,"href":"https:\/\/www.domaine-espeyran.fr\/english\/wp-json\/wp\/v2\/users\/1"}],"replies":[{"embeddable":true,"href":"https:\/\/www.domaine-espeyran.fr\/english\/wp-json\/wp\/v2\/comments?post=1223"}],"version-history":[{"count":8,"href":"https:\/\/www.domaine-espeyran.fr\/english\/wp-json\/wp\/v2\/posts\/1223\/revisions"}],"predecessor-version":[{"id":1268,"href":"https:\/\/www.domaine-espeyran.fr\/english\/wp-json\/wp\/v2\/posts\/1223\/revisions\/1268"}],"wp:featuredmedia":[{"embeddable":true,"href":"https:\/\/www.domaine-espeyran.fr\/english\/wp-json\/wp\/v2\/media\/1227"}],"wp:attachment":[{"href":"https:\/\/www.domaine-espeyran.fr\/english\/wp-json\/wp\/v2\/media?parent=1223"}],"wp:term":[{"taxonomy":"category","embeddable":true,"href":"https:\/\/www.domaine-espeyran.fr\/english\/wp-json\/wp\/v2\/categories?post=1223"},{"taxonomy":"post_tag","embeddable":true,"href":"https:\/\/www.domaine-espeyran.fr\/english\/wp-json\/wp\/v2\/tags?post=1223"}],"curies":[{"name":"wp","href":"https:\/\/api.w.org\/{rel}","templated":true}]}}