{"id":1186,"date":"2019-02-19T09:55:50","date_gmt":"2019-02-19T08:55:50","guid":{"rendered":"https:\/\/domaine-espeyran.fr\/english\/?p=1186"},"modified":"2019-04-29T14:23:18","modified_gmt":"2019-04-29T12:23:18","slug":"cinema-the-domaine-espeyran-for-scenery","status":"publish","type":"post","link":"https:\/\/www.domaine-espeyran.fr\/english\/blog\/2019\/02\/19\/cinema-the-domaine-espeyran-for-scenery\/","title":{"rendered":"Cinema: the Domaine d&rsquo;Espeyran for scenery"},"content":{"rendered":"<p>[vc_row css_animation=\u00a0\u00bb\u00a0\u00bb row_type=\u00a0\u00bbrow\u00a0\u00bb use_row_as_full_screen_section=\u00a0\u00bbno\u00a0\u00bb type=\u00a0\u00bbfull_width\u00a0\u00bb angled_section=\u00a0\u00bbno\u00a0\u00bb text_align=\u00a0\u00bbleft\u00a0\u00bb background_image_as_pattern=\u00a0\u00bbwithout_pattern\u00a0\u00bb][vc_column][vc_column_text]<b>Director and screenwriter Jos\u00e9e Dayan put her cameras at Domaine d&rsquo;Espeyran for the adaptation of Fred Vargas&rsquo; latest novel \u00ab\u00a0Quand sort la recluse\u00a0\u00bb with Jean-Hugues Anglade in the main role.<\/b><\/p>\n<p>Jos\u00e9e Dayan and her teams shot in the Gard, the latest adventures of Commissioner Jean-Baptiste Adamsberg who is investigating this time on suspected murderous spiders &#8230; 2 episodes of 90 minutes to discourage arachnophobes.<br \/>\nThe Domaine d&rsquo;Espeyran has welcomed the team (over 100 people) for an incredible day and we look forward to discovering the images during the programming on France 2. We will keep you informed of the date of the broadcast.[\/vc_column_text][\/vc_column][\/vc_row]<\/p>\n","protected":false},"excerpt":{"rendered":"<p>Director and screenwriter Jos\u00e9e Dayan put her cameras at Domaine d&rsquo;Espeyran for the adaptation of Fred Vargas&rsquo; latest novel \u00ab\u00a0Quand sort la recluse\u00a0\u00bb with Jean-Hugues Anglade in the main role.<\/p>\n","protected":false},"author":1,"featured_media":1187,"comment_status":"open","ping_status":"open","sticky":false,"template":"","format":"standard","meta":[],"categories":[7],"tags":[],"yoast_head":"<!-- This site is optimized with the Yoast SEO plugin v17.8 - https:\/\/yoast.com\/wordpress\/plugins\/seo\/ -->\n<title>Cinema: the Domaine d&#039;Espeyran for scenery - Domaine d&#039;Espeyran<\/title>\n<meta name=\"description\" content=\"La r\u00e9alisatrice et sc\u00e9nariste Jos\u00e9e Dayan a pos\u00e9 ses cam\u00e9ras au Domaine d\u2019Espeyran pour l\u2019adaptation du dernier roman de Fred Vargas \u00ab\u00a0Quand sort la recluse\u00a0\u00bb avec Jean-Hugues Anglade dans le r\u00f4le principal.\" \/>\n<meta name=\"robots\" content=\"index, follow, max-snippet:-1, max-image-preview:large, max-video-preview:-1\" \/>\n<link rel=\"canonical\" href=\"https:\/\/www.domaine-espeyran.fr\/english\/blog\/2019\/02\/19\/cinema-the-domaine-espeyran-for-scenery\/\" \/>\n<meta property=\"og:locale\" content=\"fr_FR\" \/>\n<meta property=\"og:type\" content=\"article\" \/>\n<meta property=\"og:title\" content=\"Cinema: the Domaine d&#039;Espeyran for scenery - Domaine d&#039;Espeyran\" \/>\n<meta property=\"og:description\" content=\"La r\u00e9alisatrice et sc\u00e9nariste Jos\u00e9e Dayan a pos\u00e9 ses cam\u00e9ras au Domaine d\u2019Espeyran pour l\u2019adaptation du dernier roman de Fred Vargas \u00ab\u00a0Quand sort la recluse\u00a0\u00bb avec Jean-Hugues Anglade dans le r\u00f4le principal.\" \/>\n<meta property=\"og:url\" content=\"https:\/\/www.domaine-espeyran.fr\/english\/blog\/2019\/02\/19\/cinema-the-domaine-espeyran-for-scenery\/\" \/>\n<meta property=\"og:site_name\" content=\"Domaine d&#039;Espeyran\" \/>\n<meta property=\"article:author\" content=\"https:\/\/www.facebook.com\/people\/Domaine-dEspeyran\/100063790232044\/\" \/>\n<meta property=\"article:published_time\" content=\"2019-02-19T08:55:50+00:00\" \/>\n<meta property=\"article:modified_time\" content=\"2019-04-29T12:23:18+00:00\" \/>\n<meta property=\"og:image\" content=\"https:\/\/www.domaine-espeyran.fr\/english\/wp-content\/uploads\/sites\/2\/2019\/02\/jean-hugues-anglade.jpg\" \/>\n\t<meta property=\"og:image:width\" content=\"595\" \/>\n\t<meta property=\"og:image:height\" content=\"391\" \/>\n<meta name=\"twitter:card\" content=\"summary_large_image\" \/>\n<meta name=\"twitter:label1\" content=\"\u00c9crit par\" \/>\n\t<meta name=\"twitter:data1\" content=\"Espeyran\" \/>\n\t<meta name=\"twitter:label2\" content=\"Dur\u00e9e de lecture estim\u00e9e\" \/>\n\t<meta name=\"twitter:data2\" content=\"1 minute\" \/>\n<script type=\"application\/ld+json\" class=\"yoast-schema-graph\">{\"@context\":\"https:\/\/schema.org\",\"@graph\":[{\"@type\":\"WebSite\",\"@id\":\"https:\/\/www.domaine-espeyran.fr\/english\/#website\",\"url\":\"https:\/\/www.domaine-espeyran.fr\/english\/\",\"name\":\"Domaine d'Espeyran\",\"description\":\"\",\"potentialAction\":[{\"@type\":\"SearchAction\",\"target\":{\"@type\":\"EntryPoint\",\"urlTemplate\":\"https:\/\/www.domaine-espeyran.fr\/english\/?s={search_term_string}\"},\"query-input\":\"required name=search_term_string\"}],\"inLanguage\":\"fr-FR\"},{\"@type\":\"ImageObject\",\"@id\":\"https:\/\/www.domaine-espeyran.fr\/english\/blog\/2019\/02\/19\/cinema-the-domaine-espeyran-for-scenery\/#primaryimage\",\"inLanguage\":\"fr-FR\",\"url\":\"https:\/\/www.domaine-espeyran.fr\/english\/wp-content\/uploads\/sites\/2\/2019\/02\/jean-hugues-anglade.jpg\",\"contentUrl\":\"https:\/\/www.domaine-espeyran.fr\/english\/wp-content\/uploads\/sites\/2\/2019\/02\/jean-hugues-anglade.jpg\",\"width\":595,\"height\":391,\"caption\":\"Jean-Hugues Anglade\"},{\"@type\":\"WebPage\",\"@id\":\"https:\/\/www.domaine-espeyran.fr\/english\/blog\/2019\/02\/19\/cinema-the-domaine-espeyran-for-scenery\/#webpage\",\"url\":\"https:\/\/www.domaine-espeyran.fr\/english\/blog\/2019\/02\/19\/cinema-the-domaine-espeyran-for-scenery\/\",\"name\":\"Cinema: the Domaine d'Espeyran for scenery - Domaine d'Espeyran\",\"isPartOf\":{\"@id\":\"https:\/\/www.domaine-espeyran.fr\/english\/#website\"},\"primaryImageOfPage\":{\"@id\":\"https:\/\/www.domaine-espeyran.fr\/english\/blog\/2019\/02\/19\/cinema-the-domaine-espeyran-for-scenery\/#primaryimage\"},\"datePublished\":\"2019-02-19T08:55:50+00:00\",\"dateModified\":\"2019-04-29T12:23:18+00:00\",\"author\":{\"@id\":\"https:\/\/www.domaine-espeyran.fr\/english\/#\/schema\/person\/1bc83a45205aef51de3475c4bf3bea98\"},\"description\":\"La r\\u00e9alisatrice et sc\\u00e9nariste Jos\\u00e9e Dayan a pos\\u00e9 ses cam\\u00e9ras au Domaine d\\u2019Espeyran pour l\\u2019adaptation du dernier roman de Fred Vargas \\u00ab\\u00a0Quand sort la recluse\\u00a0\\u00bb avec Jean-Hugues Anglade dans le r\\u00f4le principal.\",\"breadcrumb\":{\"@id\":\"https:\/\/www.domaine-espeyran.fr\/english\/blog\/2019\/02\/19\/cinema-the-domaine-espeyran-for-scenery\/#breadcrumb\"},\"inLanguage\":\"fr-FR\",\"potentialAction\":[{\"@type\":\"ReadAction\",\"target\":[\"https:\/\/www.domaine-espeyran.fr\/english\/blog\/2019\/02\/19\/cinema-the-domaine-espeyran-for-scenery\/\"]}]},{\"@type\":\"BreadcrumbList\",\"@id\":\"https:\/\/www.domaine-espeyran.fr\/english\/blog\/2019\/02\/19\/cinema-the-domaine-espeyran-for-scenery\/#breadcrumb\",\"itemListElement\":[{\"@type\":\"ListItem\",\"position\":1,\"name\":\"Accueil\",\"item\":\"https:\/\/www.domaine-espeyran.fr\/english\/\"},{\"@type\":\"ListItem\",\"position\":2,\"name\":\"Cinema: the Domaine d&rsquo;Espeyran for scenery\"}]},{\"@type\":\"Person\",\"@id\":\"https:\/\/www.domaine-espeyran.fr\/english\/#\/schema\/person\/1bc83a45205aef51de3475c4bf3bea98\",\"name\":\"Espeyran\",\"image\":{\"@type\":\"ImageObject\",\"@id\":\"https:\/\/www.domaine-espeyran.fr\/english\/#personlogo\",\"inLanguage\":\"fr-FR\",\"url\":\"https:\/\/secure.gravatar.com\/avatar\/9c4a6379e478416631a3dc7aa49ecf06?s=96&d=mm&r=g\",\"contentUrl\":\"https:\/\/secure.gravatar.com\/avatar\/9c4a6379e478416631a3dc7aa49ecf06?s=96&d=mm&r=g\",\"caption\":\"Espeyran\"},\"sameAs\":[\"https:\/\/www.domaine-espeyran.fr\/\",\"https:\/\/www.facebook.com\/people\/Domaine-dEspeyran\/100063790232044\/\"],\"url\":\"https:\/\/www.domaine-espeyran.fr\/english\/blog\/author\/espeyran\/\"}]}<\/script>\n<!-- \/ Yoast SEO plugin. -->","yoast_head_json":{"title":"Cinema: the Domaine d'Espeyran for scenery - Domaine d'Espeyran","description":"La r\u00e9alisatrice et sc\u00e9nariste Jos\u00e9e Dayan a pos\u00e9 ses cam\u00e9ras au Domaine d\u2019Espeyran pour l\u2019adaptation du dernier roman de Fred Vargas \u00ab\u00a0Quand sort la recluse\u00a0\u00bb avec Jean-Hugues Anglade dans le r\u00f4le principal.","robots":{"index":"index","follow":"follow","max-snippet":"max-snippet:-1","max-image-preview":"max-image-preview:large","max-video-preview":"max-video-preview:-1"},"canonical":"https:\/\/www.domaine-espeyran.fr\/english\/blog\/2019\/02\/19\/cinema-the-domaine-espeyran-for-scenery\/","og_locale":"fr_FR","og_type":"article","og_title":"Cinema: the Domaine d'Espeyran for scenery - Domaine d'Espeyran","og_description":"La r\u00e9alisatrice et sc\u00e9nariste Jos\u00e9e Dayan a pos\u00e9 ses cam\u00e9ras au Domaine d\u2019Espeyran pour l\u2019adaptation du dernier roman de Fred Vargas \u00ab\u00a0Quand sort la recluse\u00a0\u00bb avec Jean-Hugues Anglade dans le r\u00f4le principal.","og_url":"https:\/\/www.domaine-espeyran.fr\/english\/blog\/2019\/02\/19\/cinema-the-domaine-espeyran-for-scenery\/","og_site_name":"Domaine d'Espeyran","article_author":"https:\/\/www.facebook.com\/people\/Domaine-dEspeyran\/100063790232044\/","article_published_time":"2019-02-19T08:55:50+00:00","article_modified_time":"2019-04-29T12:23:18+00:00","og_image":[{"width":595,"height":391,"url":"https:\/\/www.domaine-espeyran.fr\/english\/wp-content\/uploads\/sites\/2\/2019\/02\/jean-hugues-anglade.jpg","type":"image\/jpeg"}],"twitter_card":"summary_large_image","twitter_misc":{"\u00c9crit par":"Espeyran","Dur\u00e9e de lecture estim\u00e9e":"1 minute"},"schema":{"@context":"https:\/\/schema.org","@graph":[{"@type":"WebSite","@id":"https:\/\/www.domaine-espeyran.fr\/english\/#website","url":"https:\/\/www.domaine-espeyran.fr\/english\/","name":"Domaine d'Espeyran","description":"","potentialAction":[{"@type":"SearchAction","target":{"@type":"EntryPoint","urlTemplate":"https:\/\/www.domaine-espeyran.fr\/english\/?s={search_term_string}"},"query-input":"required name=search_term_string"}],"inLanguage":"fr-FR"},{"@type":"ImageObject","@id":"https:\/\/www.domaine-espeyran.fr\/english\/blog\/2019\/02\/19\/cinema-the-domaine-espeyran-for-scenery\/#primaryimage","inLanguage":"fr-FR","url":"https:\/\/www.domaine-espeyran.fr\/english\/wp-content\/uploads\/sites\/2\/2019\/02\/jean-hugues-anglade.jpg","contentUrl":"https:\/\/www.domaine-espeyran.fr\/english\/wp-content\/uploads\/sites\/2\/2019\/02\/jean-hugues-anglade.jpg","width":595,"height":391,"caption":"Jean-Hugues Anglade"},{"@type":"WebPage","@id":"https:\/\/www.domaine-espeyran.fr\/english\/blog\/2019\/02\/19\/cinema-the-domaine-espeyran-for-scenery\/#webpage","url":"https:\/\/www.domaine-espeyran.fr\/english\/blog\/2019\/02\/19\/cinema-the-domaine-espeyran-for-scenery\/","name":"Cinema: the Domaine d'Espeyran for scenery - Domaine d'Espeyran","isPartOf":{"@id":"https:\/\/www.domaine-espeyran.fr\/english\/#website"},"primaryImageOfPage":{"@id":"https:\/\/www.domaine-espeyran.fr\/english\/blog\/2019\/02\/19\/cinema-the-domaine-espeyran-for-scenery\/#primaryimage"},"datePublished":"2019-02-19T08:55:50+00:00","dateModified":"2019-04-29T12:23:18+00:00","author":{"@id":"https:\/\/www.domaine-espeyran.fr\/english\/#\/schema\/person\/1bc83a45205aef51de3475c4bf3bea98"},"description":"La r\u00e9alisatrice et sc\u00e9nariste Jos\u00e9e Dayan a pos\u00e9 ses cam\u00e9ras au Domaine d\u2019Espeyran pour l\u2019adaptation du dernier roman de Fred Vargas \u00ab\u00a0Quand sort la recluse\u00a0\u00bb avec Jean-Hugues Anglade dans le r\u00f4le principal.","breadcrumb":{"@id":"https:\/\/www.domaine-espeyran.fr\/english\/blog\/2019\/02\/19\/cinema-the-domaine-espeyran-for-scenery\/#breadcrumb"},"inLanguage":"fr-FR","potentialAction":[{"@type":"ReadAction","target":["https:\/\/www.domaine-espeyran.fr\/english\/blog\/2019\/02\/19\/cinema-the-domaine-espeyran-for-scenery\/"]}]},{"@type":"BreadcrumbList","@id":"https:\/\/www.domaine-espeyran.fr\/english\/blog\/2019\/02\/19\/cinema-the-domaine-espeyran-for-scenery\/#breadcrumb","itemListElement":[{"@type":"ListItem","position":1,"name":"Accueil","item":"https:\/\/www.domaine-espeyran.fr\/english\/"},{"@type":"ListItem","position":2,"name":"Cinema: the Domaine d&rsquo;Espeyran for scenery"}]},{"@type":"Person","@id":"https:\/\/www.domaine-espeyran.fr\/english\/#\/schema\/person\/1bc83a45205aef51de3475c4bf3bea98","name":"Espeyran","image":{"@type":"ImageObject","@id":"https:\/\/www.domaine-espeyran.fr\/english\/#personlogo","inLanguage":"fr-FR","url":"https:\/\/secure.gravatar.com\/avatar\/9c4a6379e478416631a3dc7aa49ecf06?s=96&d=mm&r=g","contentUrl":"https:\/\/secure.gravatar.com\/avatar\/9c4a6379e478416631a3dc7aa49ecf06?s=96&d=mm&r=g","caption":"Espeyran"},"sameAs":["https:\/\/www.domaine-espeyran.fr\/","https:\/\/www.facebook.com\/people\/Domaine-dEspeyran\/100063790232044\/"],"url":"https:\/\/www.domaine-espeyran.fr\/english\/blog\/author\/espeyran\/"}]}},"_links":{"self":[{"href":"https:\/\/www.domaine-espeyran.fr\/english\/wp-json\/wp\/v2\/posts\/1186"}],"collection":[{"href":"https:\/\/www.domaine-espeyran.fr\/english\/wp-json\/wp\/v2\/posts"}],"about":[{"href":"https:\/\/www.domaine-espeyran.fr\/english\/wp-json\/wp\/v2\/types\/post"}],"author":[{"embeddable":true,"href":"https:\/\/www.domaine-espeyran.fr\/english\/wp-json\/wp\/v2\/users\/1"}],"replies":[{"embeddable":true,"href":"https:\/\/www.domaine-espeyran.fr\/english\/wp-json\/wp\/v2\/comments?post=1186"}],"version-history":[{"count":5,"href":"https:\/\/www.domaine-espeyran.fr\/english\/wp-json\/wp\/v2\/posts\/1186\/revisions"}],"predecessor-version":[{"id":1257,"href":"https:\/\/www.domaine-espeyran.fr\/english\/wp-json\/wp\/v2\/posts\/1186\/revisions\/1257"}],"wp:featuredmedia":[{"embeddable":true,"href":"https:\/\/www.domaine-espeyran.fr\/english\/wp-json\/wp\/v2\/media\/1187"}],"wp:attachment":[{"href":"https:\/\/www.domaine-espeyran.fr\/english\/wp-json\/wp\/v2\/media?parent=1186"}],"wp:term":[{"taxonomy":"category","embeddable":true,"href":"https:\/\/www.domaine-espeyran.fr\/english\/wp-json\/wp\/v2\/categories?post=1186"},{"taxonomy":"post_tag","embeddable":true,"href":"https:\/\/www.domaine-espeyran.fr\/english\/wp-json\/wp\/v2\/tags?post=1186"}],"curies":[{"name":"wp","href":"https:\/\/api.w.org\/{rel}","templated":true}]}}